{"id":9250,"date":"2019-09-10T14:02:53","date_gmt":"2019-09-10T12:02:53","guid":{"rendered":"https:\/\/www.bluestar-forensic.com\/?p=9250"},"modified":"2025-08-19T16:25:56","modified_gmt":"2025-08-19T16:25:56","slug":"caso-narumi-los-investigadores-acusan-al-principal-sospechoso","status":"publish","type":"post","link":"https:\/\/www.bluestar-forensic.com\/es\/caso-narumi-los-investigadores-acusan-al-principal-sospechoso\/","title":{"rendered":"Caso Narumi: los investigadores acusan al principal sospechoso"},"content":{"rendered":"\t\t<div data-elementor-type=\"wp-post\" data-elementor-id=\"9250\" class=\"elementor elementor-9250\" data-elementor-post-type=\"post\">\n\t\t\t\t\t\t<section class=\"elementor-section elementor-top-section elementor-element elementor-element-7e71e61 elementor-section-boxed elementor-section-height-default elementor-section-height-default\" data-id=\"7e71e61\" data-element_type=\"section\" data-e-type=\"section\" data-settings=\"{&quot;background_background&quot;:&quot;classic&quot;}\">\n\t\t\t\t\t\t<div class=\"elementor-container elementor-column-gap-default\">\n\t\t\t\t\t<div class=\"aux-parallax-section elementor-column elementor-col-100 elementor-top-column elementor-element elementor-element-7e14954c\" data-id=\"7e14954c\" data-element_type=\"column\" data-e-type=\"column\">\n\t\t\t<div class=\"elementor-widget-wrap elementor-element-populated\">\n\t\t\t\t\t\t<div class=\"elementor-element elementor-element-758741da elementor-widget elementor-widget-heading\" data-id=\"758741da\" data-element_type=\"widget\" data-e-type=\"widget\" data-widget_type=\"heading.default\">\n\t\t\t\t<div class=\"elementor-widget-container\">\n\t\t\t\t\t<h2 class=\"elementor-heading-title elementor-size-medium\">El exnovio chileno de esta estudiante japonesa desaparecida en Besan\u00e7on en 2016 huy\u00f3 a su pa\u00eds. La justicia francesa acaba de revelar elementos acusadores sobre su responsabilidad.\n<\/h2>\t\t\t\t<\/div>\n\t\t\t\t<\/div>\n\t\t\t\t<div class=\"elementor-element elementor-element-118c0969 elementor-widget elementor-widget-text-editor\" data-id=\"118c0969\" data-element_type=\"widget\" data-e-type=\"widget\" data-widget_type=\"text-editor.default\">\n\t\t\t\t<div class=\"elementor-widget-container\">\n\t\t\t\t\t\t\t\t\t<div><strong>Le Parisien,\u00a0<time datetime=\"2006-07-21T06:00:00+02:00\">le 10.09.2019<\/time><\/strong><\/div><div data-component=\"fig-content-body\"><p>El exnovio chileno de esta estudiante japonesa desaparecida en Besan\u00e7on en 2016 huy\u00f3 a su pa\u00eds. La justicia francesa acaba de revelar elementos acusadores sobre su responsabilidad.<\/p><p>Ciertamente, falta la pieza principal: el cuerpo. Pero por lo dem\u00e1s, el caso Narumi es &#8220;un rompecabezas en el que todas las piezas se han reconstituido y encajan perfectamente&#8221;, en palabras del fiscal de Besan\u00e7on, Etienne Manteaux.<\/p><p>Este jueves por la ma\u00f1ana, el magistrado ha tomado la palabra para ofrecer una \u00faltima rueda de prensa sobre la desaparici\u00f3n de la estudiante japonesa de 21 a\u00f1os el 5 de diciembre de 2016. Si se hiciera la analog\u00eda con una partida de cartas que se jugar\u00eda entre las autoridades francesas y chilenas, se dir\u00eda que en el momento en que se termina la instrucci\u00f3n, Etienne Manteaux mostr\u00f3 su mano para obtener la extradici\u00f3n de Nicol\u00e1s Zepeda Contreras, principal sospechoso del asesinato de la joven.<\/p><\/div>\t\t\t\t\t\t\t\t<\/div>\n\t\t\t\t<\/div>\n\t\t\t\t<div class=\"elementor-element elementor-element-4d29763 elementor-widget-divider--view-line elementor-invisible elementor-widget elementor-widget-divider\" data-id=\"4d29763\" data-element_type=\"widget\" data-e-type=\"widget\" data-settings=\"{&quot;_animation&quot;:&quot;fadeInDown&quot;}\" data-widget_type=\"divider.default\">\n\t\t\t\t<div class=\"elementor-widget-container\">\n\t\t\t\t\t\t\t<div class=\"elementor-divider\">\n\t\t\t<span class=\"elementor-divider-separator\">\n\t\t\t\t\t\t<\/span>\n\t\t<\/div>\n\t\t\t\t\t\t<\/div>\n\t\t\t\t<\/div>\n\t\t\t\t<section class=\"elementor-section elementor-inner-section elementor-element elementor-element-c3400c7 elementor-section-boxed elementor-section-height-default elementor-section-height-default\" data-id=\"c3400c7\" data-element_type=\"section\" data-e-type=\"section\">\n\t\t\t\t\t\t<div class=\"elementor-container elementor-column-gap-default\">\n\t\t\t\t\t<div class=\"aux-parallax-section elementor-column elementor-col-50 elementor-inner-column elementor-element elementor-element-a63c423\" data-id=\"a63c423\" data-element_type=\"column\" data-e-type=\"column\">\n\t\t\t<div class=\"elementor-widget-wrap elementor-element-populated\">\n\t\t\t\t\t\t<div class=\"elementor-element elementor-element-cc46f7a elementor-widget elementor-widget-text-editor\" data-id=\"cc46f7a\" data-element_type=\"widget\" data-e-type=\"widget\" data-widget_type=\"text-editor.default\">\n\t\t\t\t<div class=\"elementor-widget-container\">\n\t\t\t\t\t\t\t\t\t<div>La solicitud fue enviada este jueves al Ministerio de Justicia franc\u00e9s, y luego pasar\u00e1 por el Ministerio de Asuntos Exteriores, que la remitir\u00e1 a sus hom\u00f3logos chilenos. Adem\u00e1s de un resumen de 27 p\u00e1ginas, los chilenos tendr\u00e1n a su disposici\u00f3n todo el expediente de la investigaci\u00f3n, traducido al espa\u00f1ol, y podr\u00edan responder en unos meses. En ese momento estar\u00e1 en juego la presencia de Zepeda en el juicio, que deber\u00eda celebrarse con o sin \u00e9l, en 2020. Todo hace pensar que premedit\u00f3 su acto<\/div><div>\u00a0<\/div><div>A falta de un acuerdo de extradici\u00f3n entre los dos pa\u00edses, la posibilidad de que sea entregado a Francia depende \u00fanicamente de la &#8220;cortes\u00eda internacional&#8221; de Chile. Y lo menos que podemos decir es que, hasta ahora, los chilenos no la han mostrado realmente.<\/div><div>\u00a0<\/div><div>En su pa\u00eds, Zepeda nunca ha sido interrogado en un tribunal. En cuanto a la posibilidad de que sea &#8220;denunciado&#8221; por los franceses, para ser juzgado en Santiago, las autoridades chilenas la descartan de plano.<\/div>\t\t\t\t\t\t\t\t<\/div>\n\t\t\t\t<\/div>\n\t\t\t\t\t<\/div>\n\t\t<\/div>\n\t\t\t\t<div class=\"aux-parallax-section elementor-column elementor-col-50 elementor-inner-column elementor-element elementor-element-56d3006\" data-id=\"56d3006\" data-element_type=\"column\" data-e-type=\"column\">\n\t\t\t<div class=\"elementor-widget-wrap elementor-element-populated\">\n\t\t\t\t\t\t<div class=\"elementor-element elementor-element-decc392 elementor-widget elementor-widget-text-editor\" data-id=\"decc392\" data-element_type=\"widget\" data-e-type=\"widget\" data-widget_type=\"text-editor.default\">\n\t\t\t\t<div class=\"elementor-widget-container\">\n\t\t\t\t\t\t\t\t\t<p>Esta actitud es dif\u00edcil de entender, ya que el caso, incluso sin el peso de la autopsia, es abrumador sobre el papel. Si la solicitud de extradici\u00f3n evac\u00faa la acusaci\u00f3n por &#8220;secuestro y secuestro&#8221;, centr\u00e1ndose en el &#8220;asesinato&#8221;, es porque todo apunta a que el joven chileno premedit\u00f3 su acto. Con Narumi, dice haber vivido &#8220;19 meses y 16 d\u00edas&#8221; de una relaci\u00f3n amorosa que comenz\u00f3 en febrero de 2015, cuando estudiaba en la misma universidad que ella, la de Tsukuba, no muy lejos de Tokio. Fija su final en el 6 de octubre de 2016.<\/p><p>Unas semanas antes, Narumi lleg\u00f3 a Besan\u00e7on por un a\u00f1o. Una estudiante con un futuro brillante, juzgan todos sus profesores. La mejor prueba de ello es que tiene una beca del selectivo gobierno japon\u00e9s. &#8220;Su salida de Jap\u00f3n cre\u00f3 una situaci\u00f3n inc\u00f3moda dentro de nuestra pareja&#8221;, eufemizar\u00e1 Zepeda la \u00fanica vez que hablar\u00e1, por iniciativa propia, el 30 de diciembre de 2016, frente a la polic\u00eda chilena.<\/p>\t\t\t\t\t\t\t\t<\/div>\n\t\t\t\t<\/div>\n\t\t\t\t\t<\/div>\n\t\t<\/div>\n\t\t\t\t\t<\/div>\n\t\t<\/section>\n\t\t\t\t<div class=\"elementor-element elementor-element-0d7df4d elementor-widget-divider--view-line elementor-invisible elementor-widget elementor-widget-divider\" data-id=\"0d7df4d\" data-element_type=\"widget\" data-e-type=\"widget\" data-settings=\"{&quot;_animation&quot;:&quot;fadeInDown&quot;}\" data-widget_type=\"divider.default\">\n\t\t\t\t<div class=\"elementor-widget-container\">\n\t\t\t\t\t\t\t<div class=\"elementor-divider\">\n\t\t\t<span class=\"elementor-divider-separator\">\n\t\t\t\t\t\t<\/span>\n\t\t<\/div>\n\t\t\t\t\t\t<\/div>\n\t\t\t\t<\/div>\n\t\t\t\t<section class=\"elementor-section elementor-inner-section elementor-element elementor-element-0bbc177 elementor-section-boxed elementor-section-height-default elementor-section-height-default\" data-id=\"0bbc177\" data-element_type=\"section\" data-e-type=\"section\">\n\t\t\t\t\t\t<div class=\"elementor-container elementor-column-gap-default\">\n\t\t\t\t\t<div class=\"aux-parallax-section elementor-column elementor-col-50 elementor-inner-column elementor-element elementor-element-d7aa661\" data-id=\"d7aa661\" data-element_type=\"column\" data-e-type=\"column\">\n\t\t\t<div class=\"elementor-widget-wrap elementor-element-populated\">\n\t\t\t\t\t\t<div class=\"elementor-element elementor-element-22b4489 elementor-widget elementor-widget-heading\" data-id=\"22b4489\" data-element_type=\"widget\" data-e-type=\"widget\" data-widget_type=\"heading.default\">\n\t\t\t\t<div class=\"elementor-widget-container\">\n\t\t\t\t\t<h2 class=\"elementor-heading-title elementor-size-large\">Celos de un estudiante franc\u00e9s<\/h2>\t\t\t\t<\/div>\n\t\t\t\t<\/div>\n\t\t\t\t<div class=\"elementor-element elementor-element-aae7e94 elementor-widget elementor-widget-text-editor\" data-id=\"aae7e94\" data-element_type=\"widget\" data-e-type=\"widget\" data-widget_type=\"text-editor.default\">\n\t\t\t\t<div class=\"elementor-widget-container\">\n\t\t\t\t\t\t\t\t\t<p>Despu\u00e9s de los hechos, a la vista de los peritajes realizados por los investigadores de la PJ de Besan\u00e7on, parece que se intercambiaron 980 mensajes entre Narumi y Nicolas en ese momento. S\u00f3lo el 5 de septiembre de 2016, d\u00eda en que parece precipitarse su ruptura, los dos se env\u00edan 646 mensajes en tres horas. \u00c9l est\u00e1 amargado. Acusa a Narumi de haber &#8220;destruido todo&#8221;.<\/p><p>El 7 de septiembre, en un video publicado en Dailymotion, el chileno es esta vez amenazante: &#8220;Tiene que generar confianza. Ella tiene que pagar&#8221;, dice ante la c\u00e1mara, con una mirada oscura.<\/p><p>El oto\u00f1o anterior, la hab\u00eda presentado a su familia durante un mes de vacaciones en Chile, y anunci\u00f3 a sus allegados que quer\u00eda hacer una vida con ella. Pero en este principio de octubre de 2016, ya no pasa nada. La joven japonesa tiene obviamente otra visi\u00f3n de su propio futuro. &#8220;No estoy en Francia y me tomas por una idiota&#8221;, le reprocha Nicolas. Quiere como prueba las frecuentaciones masculinas de la joven, en particular un tal Arthur.<\/p>\t\t\t\t\t\t\t\t<\/div>\n\t\t\t\t<\/div>\n\t\t\t\t\t<\/div>\n\t\t<\/div>\n\t\t\t\t<div class=\"aux-parallax-section elementor-column elementor-col-50 elementor-inner-column elementor-element elementor-element-4219239\" data-id=\"4219239\" data-element_type=\"column\" data-e-type=\"column\">\n\t\t\t<div class=\"elementor-widget-wrap elementor-element-populated\">\n\t\t\t\t\t\t<div class=\"elementor-element elementor-element-405eb0c elementor-widget elementor-widget-image\" data-id=\"405eb0c\" data-element_type=\"widget\" data-e-type=\"widget\" data-widget_type=\"image.default\">\n\t\t\t\t<div class=\"elementor-widget-container\">\n\t\t\t\t\t\t\t\t\t\t\t\t\t\t\t<img decoding=\"async\" src=\"https:\/\/www.bluestar-forensic.com\/wp-content\/uploads\/2020\/09\/WTLFHIN4EKTL7VARNTQ6ELG6Y4.jpg\" title=\"\" alt=\"\" loading=\"lazy\" \/>\t\t\t\t\t\t\t\t\t\t\t\t\t\t\t<\/div>\n\t\t\t\t<\/div>\n\t\t\t\t<div class=\"elementor-element elementor-element-ac559ab elementor-widget elementor-widget-text-editor\" data-id=\"ac559ab\" data-element_type=\"widget\" data-e-type=\"widget\" data-widget_type=\"text-editor.default\">\n\t\t\t\t<div class=\"elementor-widget-container\">\n\t\t\t\t\t\t\t\t\t<p style=\"text-align: center;\">Narumi Kurosaki \/ Nicolas Zepeda Contreras.\/DR<\/p>\t\t\t\t\t\t\t\t<\/div>\n\t\t\t\t<\/div>\n\t\t\t\t<div class=\"elementor-element elementor-element-116a70e elementor-widget elementor-widget-heading\" data-id=\"116a70e\" data-element_type=\"widget\" data-e-type=\"widget\" data-widget_type=\"heading.default\">\n\t\t\t\t<div class=\"elementor-widget-container\">\n\t\t\t\t\t<h2 class=\"elementor-heading-title elementor-size-default\">PODCAST: Naomi, el crimen impune<\/h2>\t\t\t\t<\/div>\n\t\t\t\t<\/div>\n\t\t\t\t<div class=\"elementor-element elementor-element-8dccc26 elementor-widget elementor-widget-text-editor\" data-id=\"8dccc26\" data-element_type=\"widget\" data-e-type=\"widget\" data-widget_type=\"text-editor.default\">\n\t\t\t\t<div class=\"elementor-widget-container\">\n\t\t\t\t\t\t\t\t\t<p><iframe src=\"https:\/\/player.acast.com\/code-source\/episodes\/narumi\" width=\"100%\" height=\"110px\" frameborder=\"0\"><\/iframe><\/p>\t\t\t\t\t\t\t\t<\/div>\n\t\t\t\t<\/div>\n\t\t\t\t<div class=\"elementor-element elementor-element-049a44a elementor-widget elementor-widget-facebook-button\" data-id=\"049a44a\" data-element_type=\"widget\" data-e-type=\"widget\" data-widget_type=\"facebook-button.default\">\n\t\t\t\t<div class=\"elementor-widget-container\">\n\t\t\t\t\t\t\t<div data-layout=\"standard\" data-colorscheme=\"light\" data-size=\"large\" data-show-faces=\"false\" class=\"elementor-facebook-widget fb-like\" data-href=\"https:\/\/www.bluestar-forensic.com\/es\/?p=9250\" data-share=\"true\" data-action=\"like\"><\/div>\n\t\t\t\t\t\t<\/div>\n\t\t\t\t<\/div>\n\t\t\t\t\t<\/div>\n\t\t<\/div>\n\t\t\t\t\t<\/div>\n\t\t<\/section>\n\t\t\t\t<div class=\"elementor-element elementor-element-20189791 elementor-widget-divider--view-line elementor-invisible elementor-widget elementor-widget-divider\" data-id=\"20189791\" data-element_type=\"widget\" data-e-type=\"widget\" data-settings=\"{&quot;_animation&quot;:&quot;fadeInDown&quot;}\" data-widget_type=\"divider.default\">\n\t\t\t\t<div class=\"elementor-widget-container\">\n\t\t\t\t\t\t\t<div class=\"elementor-divider\">\n\t\t\t<span class=\"elementor-divider-separator\">\n\t\t\t\t\t\t<\/span>\n\t\t<\/div>\n\t\t\t\t\t\t<\/div>\n\t\t\t\t<\/div>\n\t\t\t\t<div class=\"elementor-element elementor-element-6bc4413 elementor-widget elementor-widget-heading\" data-id=\"6bc4413\" data-element_type=\"widget\" data-e-type=\"widget\" data-widget_type=\"heading.default\">\n\t\t\t\t<div class=\"elementor-widget-container\">\n\t\t\t\t\t<h2 class=\"elementor-heading-title elementor-size-large\">\u00bfEmbarazada de su presunto asesino?<\/h2>\t\t\t\t<\/div>\n\t\t\t\t<\/div>\n\t\t\t\t<section class=\"elementor-section elementor-inner-section elementor-element elementor-element-2f5e2ec elementor-section-boxed elementor-section-height-default elementor-section-height-default\" data-id=\"2f5e2ec\" data-element_type=\"section\" data-e-type=\"section\">\n\t\t\t\t\t\t<div class=\"elementor-container elementor-column-gap-default\">\n\t\t\t\t\t<div class=\"aux-parallax-section elementor-column elementor-col-50 elementor-inner-column elementor-element elementor-element-7b7ddb7\" data-id=\"7b7ddb7\" data-element_type=\"column\" data-e-type=\"column\">\n\t\t\t<div class=\"elementor-widget-wrap elementor-element-populated\">\n\t\t\t\t\t\t<div class=\"elementor-element elementor-element-aae9167 elementor-widget elementor-widget-text-editor\" data-id=\"aae9167\" data-element_type=\"widget\" data-e-type=\"widget\" data-widget_type=\"text-editor.default\">\n\t\t\t\t<div class=\"elementor-widget-container\">\n\t\t\t\t\t\t\t\t\t<p>Por casualidad, este joven franc\u00e9s acababa de regresar de un a\u00f1o de estudios en Jap\u00f3n, en Tsukuba. Se hizo amigo de Narumi en Franche-Comt\u00e9 y Zepeda intu\u00eda, con raz\u00f3n, que se estaba gestando un romance. Orden\u00f3 a Narumi que borre a Arthur de sus contactos de Facebook, junto con otros dos amigos. \u00c9sta se neg\u00f3. &#8220;Quer\u00eda casarme, tener una casa, tener hijos contigo&#8230;&#8221;, dice Zepeda.<\/p>\t\t\t\t\t\t\t\t<\/div>\n\t\t\t\t<\/div>\n\t\t\t\t\t<\/div>\n\t\t<\/div>\n\t\t\t\t<div class=\"aux-parallax-section elementor-column elementor-col-50 elementor-inner-column elementor-element elementor-element-53ee8a0\" data-id=\"53ee8a0\" data-element_type=\"column\" data-e-type=\"column\">\n\t\t\t<div class=\"elementor-widget-wrap elementor-element-populated\">\n\t\t\t\t\t\t<div class=\"elementor-element elementor-element-50f426e elementor-widget elementor-widget-text-editor\" data-id=\"50f426e\" data-element_type=\"widget\" data-e-type=\"widget\" data-widget_type=\"text-editor.default\">\n\t\t\t\t<div class=\"elementor-widget-container\">\n\t\t\t\t\t\t\t\t\t<p>Por otro lado, Narumi le reprocha &#8220;echar a perder (sus) estudios en Francia&#8221;. Sobre todo: &#8220;Nunca olvidar\u00e9 que me embarazaste&#8221;, lo expone, deplorando que el chileno no la ayude financieramente sobre este punto, que cristaliz\u00f3 amplias investigaciones. Porque a la vista de las conversaciones, Narumi hablaba entonces en presente. Los investigadores intentaron tener confirmaci\u00f3n de su embarazo, sin conseguirlo<span style=\"color: var( --e-global-color-text ); background-color: var( --e-global-color-8da25cd ); font-size: 1.2rem; letter-spacing: 0px;\">, a nivel administrativo, como cerca de los hospitales del sector.<\/span><\/p><p>El 8 de octubre, un \u00faltimo intercambio entre los dos j\u00f3venes termina con un &#8220;te quiero&#8221; del chileno, que suena como un epitafio.\u00a0<\/p>\t\t\t\t\t\t\t\t<\/div>\n\t\t\t\t<\/div>\n\t\t\t\t\t<\/div>\n\t\t<\/div>\n\t\t\t\t\t<\/div>\n\t\t<\/section>\n\t\t\t\t<div class=\"elementor-element elementor-element-fc20968 elementor-widget elementor-widget-text-editor\" data-id=\"fc20968\" data-element_type=\"widget\" data-e-type=\"widget\" data-widget_type=\"text-editor.default\">\n\t\t\t\t<div class=\"elementor-widget-container\">\n\t\t\t\t\t\t\t\t\t<blockquote>\n<p>&#8220;Por eso vamos a efectuar, a partir del domingo, un allanamiento utilizando muchos medios, como Bluestar, para revelar los rastros de sangre&#8221;.<\/p>\n<\/blockquote>\t\t\t\t\t\t\t\t<\/div>\n\t\t\t\t<\/div>\n\t\t\t\t<div class=\"elementor-element elementor-element-30ed36aa elementor-align-center elementor-widget elementor-widget-button\" data-id=\"30ed36aa\" data-element_type=\"widget\" data-e-type=\"widget\" data-widget_type=\"button.default\">\n\t\t\t\t<div class=\"elementor-widget-container\">\n\t\t\t\t\t\t\t\t\t<div class=\"elementor-button-wrapper\">\n\t\t\t\t\t<a class=\"elementor-button elementor-button-link elementor-size-lg\" href=\"https:\/\/www.estrepublicain.fr\/faits-divers-justice\/2020\/11\/21\/direct-proces-daval-l-heure-du-verdict-pour-jonathann-daval-suivez-la-derniere-journee\" target=\"_blank\">\n\t\t\t\t\t\t<span class=\"elementor-button-content-wrapper\">\n\t\t\t\t\t\t\t\t\t<span class=\"elementor-button-text\">Leer el art\u00edculo original<\/span>\n\t\t\t\t\t<\/span>\n\t\t\t\t\t<\/a>\n\t\t\t\t<\/div>\n\t\t\t\t\t\t\t\t<\/div>\n\t\t\t\t<\/div>\n\t\t\t\t<div class=\"elementor-element elementor-element-6aa0f0f elementor-widget-divider--view-line elementor-invisible elementor-widget elementor-widget-divider\" data-id=\"6aa0f0f\" data-element_type=\"widget\" data-e-type=\"widget\" data-settings=\"{&quot;_animation&quot;:&quot;fadeInDown&quot;}\" data-widget_type=\"divider.default\">\n\t\t\t\t<div class=\"elementor-widget-container\">\n\t\t\t\t\t\t\t<div class=\"elementor-divider\">\n\t\t\t<span class=\"elementor-divider-separator\">\n\t\t\t\t\t\t<\/span>\n\t\t<\/div>\n\t\t\t\t\t\t<\/div>\n\t\t\t\t<\/div>\n\t\t\t\t<div class=\"elementor-element elementor-element-5d70be05 elementor-share-buttons--align-center elementor-share-buttons--view-icon-text elementor-share-buttons--skin-gradient elementor-share-buttons--shape-square elementor-grid-0 elementor-share-buttons--color-official elementor-widget elementor-widget-share-buttons\" data-id=\"5d70be05\" data-element_type=\"widget\" data-e-type=\"widget\" data-widget_type=\"share-buttons.default\">\n\t\t\t\t<div class=\"elementor-widget-container\">\n\t\t\t\t\t\t\t<div class=\"elementor-grid\" role=\"list\">\n\t\t\t\t\t\t\t\t<div class=\"elementor-grid-item\" role=\"listitem\">\n\t\t\t\t\t\t<div class=\"elementor-share-btn elementor-share-btn_facebook\" role=\"button\" tabindex=\"0\" aria-label=\"Share on facebook\">\n\t\t\t\t\t\t\t\t\t\t\t\t\t\t\t<span class=\"elementor-share-btn__icon\">\n\t\t\t\t\t\t\t\t<i class=\"fab fa-facebook\" aria-hidden=\"true\"><\/i>\t\t\t\t\t\t\t<\/span>\n\t\t\t\t\t\t\t\t\t\t\t\t\t\t\t\t\t\t\t\t\t\t<div class=\"elementor-share-btn__text\">\n\t\t\t\t\t\t\t\t\t\t\t\t\t\t\t\t\t\t\t<span class=\"elementor-share-btn__title\">\n\t\t\t\t\t\t\t\t\t\tFacebook\t\t\t\t\t\t\t\t\t<\/span>\n\t\t\t\t\t\t\t\t\t\t\t\t\t\t\t\t\t<\/div>\n\t\t\t\t\t\t\t\t\t\t\t\t\t<\/div>\n\t\t\t\t\t<\/div>\n\t\t\t\t\t\t\t\t\t<div class=\"elementor-grid-item\" role=\"listitem\">\n\t\t\t\t\t\t<div class=\"elementor-share-btn elementor-share-btn_twitter\" role=\"button\" tabindex=\"0\" aria-label=\"Share on twitter\">\n\t\t\t\t\t\t\t\t\t\t\t\t\t\t\t<span class=\"elementor-share-btn__icon\">\n\t\t\t\t\t\t\t\t<i class=\"fab fa-twitter\" aria-hidden=\"true\"><\/i>\t\t\t\t\t\t\t<\/span>\n\t\t\t\t\t\t\t\t\t\t\t\t\t\t\t\t\t\t\t\t\t\t<div class=\"elementor-share-btn__text\">\n\t\t\t\t\t\t\t\t\t\t\t\t\t\t\t\t\t\t\t<span class=\"elementor-share-btn__title\">\n\t\t\t\t\t\t\t\t\t\tTwitter\t\t\t\t\t\t\t\t\t<\/span>\n\t\t\t\t\t\t\t\t\t\t\t\t\t\t\t\t\t<\/div>\n\t\t\t\t\t\t\t\t\t\t\t\t\t<\/div>\n\t\t\t\t\t<\/div>\n\t\t\t\t\t\t\t\t\t<div class=\"elementor-grid-item\" role=\"listitem\">\n\t\t\t\t\t\t<div class=\"elementor-share-btn elementor-share-btn_linkedin\" role=\"button\" tabindex=\"0\" aria-label=\"Share on linkedin\">\n\t\t\t\t\t\t\t\t\t\t\t\t\t\t\t<span class=\"elementor-share-btn__icon\">\n\t\t\t\t\t\t\t\t<i class=\"fab fa-linkedin\" aria-hidden=\"true\"><\/i>\t\t\t\t\t\t\t<\/span>\n\t\t\t\t\t\t\t\t\t\t\t\t\t\t\t\t\t\t\t\t\t\t<div class=\"elementor-share-btn__text\">\n\t\t\t\t\t\t\t\t\t\t\t\t\t\t\t\t\t\t\t<span class=\"elementor-share-btn__title\">\n\t\t\t\t\t\t\t\t\t\tLinkedIn\t\t\t\t\t\t\t\t\t<\/span>\n\t\t\t\t\t\t\t\t\t\t\t\t\t\t\t\t\t<\/div>\n\t\t\t\t\t\t\t\t\t\t\t\t\t<\/div>\n\t\t\t\t\t<\/div>\n\t\t\t\t\t\t\t\t\t<div class=\"elementor-grid-item\" role=\"listitem\">\n\t\t\t\t\t\t<div class=\"elementor-share-btn elementor-share-btn_vk\" role=\"button\" tabindex=\"0\" aria-label=\"Share on vk\">\n\t\t\t\t\t\t\t\t\t\t\t\t\t\t\t<span class=\"elementor-share-btn__icon\">\n\t\t\t\t\t\t\t\t<i class=\"fab fa-vk\" aria-hidden=\"true\"><\/i>\t\t\t\t\t\t\t<\/span>\n\t\t\t\t\t\t\t\t\t\t\t\t\t\t\t\t\t\t\t\t\t\t<div class=\"elementor-share-btn__text\">\n\t\t\t\t\t\t\t\t\t\t\t\t\t\t\t\t\t\t\t<span class=\"elementor-share-btn__title\">\n\t\t\t\t\t\t\t\t\t\tVK\t\t\t\t\t\t\t\t\t<\/span>\n\t\t\t\t\t\t\t\t\t\t\t\t\t\t\t\t\t<\/div>\n\t\t\t\t\t\t\t\t\t\t\t\t\t<\/div>\n\t\t\t\t\t<\/div>\n\t\t\t\t\t\t\t\t\t<div class=\"elementor-grid-item\" role=\"listitem\">\n\t\t\t\t\t\t<div class=\"elementor-share-btn elementor-share-btn_telegram\" role=\"button\" tabindex=\"0\" aria-label=\"Share on telegram\">\n\t\t\t\t\t\t\t\t\t\t\t\t\t\t\t<span class=\"elementor-share-btn__icon\">\n\t\t\t\t\t\t\t\t<i class=\"fab fa-telegram\" aria-hidden=\"true\"><\/i>\t\t\t\t\t\t\t<\/span>\n\t\t\t\t\t\t\t\t\t\t\t\t\t\t\t\t\t\t\t\t\t\t<div class=\"elementor-share-btn__text\">\n\t\t\t\t\t\t\t\t\t\t\t\t\t\t\t\t\t\t\t<span class=\"elementor-share-btn__title\">\n\t\t\t\t\t\t\t\t\t\tTelegram\t\t\t\t\t\t\t\t\t<\/span>\n\t\t\t\t\t\t\t\t\t\t\t\t\t\t\t\t\t<\/div>\n\t\t\t\t\t\t\t\t\t\t\t\t\t<\/div>\n\t\t\t\t\t<\/div>\n\t\t\t\t\t\t\t\t\t<div class=\"elementor-grid-item\" role=\"listitem\">\n\t\t\t\t\t\t<div class=\"elementor-share-btn elementor-share-btn_whatsapp\" role=\"button\" tabindex=\"0\" aria-label=\"Share on whatsapp\">\n\t\t\t\t\t\t\t\t\t\t\t\t\t\t\t<span class=\"elementor-share-btn__icon\">\n\t\t\t\t\t\t\t\t<i class=\"fab fa-whatsapp\" aria-hidden=\"true\"><\/i>\t\t\t\t\t\t\t<\/span>\n\t\t\t\t\t\t\t\t\t\t\t\t\t\t\t\t\t\t\t\t\t\t<div class=\"elementor-share-btn__text\">\n\t\t\t\t\t\t\t\t\t\t\t\t\t\t\t\t\t\t\t<span class=\"elementor-share-btn__title\">\n\t\t\t\t\t\t\t\t\t\tWhatsApp\t\t\t\t\t\t\t\t\t<\/span>\n\t\t\t\t\t\t\t\t\t\t\t\t\t\t\t\t\t<\/div>\n\t\t\t\t\t\t\t\t\t\t\t\t\t<\/div>\n\t\t\t\t\t<\/div>\n\t\t\t\t\t\t\t\t\t<div class=\"elementor-grid-item\" role=\"listitem\">\n\t\t\t\t\t\t<div class=\"elementor-share-btn elementor-share-btn_email\" role=\"button\" tabindex=\"0\" aria-label=\"Share on email\">\n\t\t\t\t\t\t\t\t\t\t\t\t\t\t\t<span class=\"elementor-share-btn__icon\">\n\t\t\t\t\t\t\t\t<i class=\"fas fa-envelope\" aria-hidden=\"true\"><\/i>\t\t\t\t\t\t\t<\/span>\n\t\t\t\t\t\t\t\t\t\t\t\t\t\t\t\t\t\t\t\t\t\t<div class=\"elementor-share-btn__text\">\n\t\t\t\t\t\t\t\t\t\t\t\t\t\t\t\t\t\t\t<span class=\"elementor-share-btn__title\">\n\t\t\t\t\t\t\t\t\t\tEmail\t\t\t\t\t\t\t\t\t<\/span>\n\t\t\t\t\t\t\t\t\t\t\t\t\t\t\t\t\t<\/div>\n\t\t\t\t\t\t\t\t\t\t\t\t\t<\/div>\n\t\t\t\t\t<\/div>\n\t\t\t\t\t\t\t\t\t<div class=\"elementor-grid-item\" role=\"listitem\">\n\t\t\t\t\t\t<div class=\"elementor-share-btn elementor-share-btn_print\" role=\"button\" tabindex=\"0\" aria-label=\"Share on print\">\n\t\t\t\t\t\t\t\t\t\t\t\t\t\t\t<span class=\"elementor-share-btn__icon\">\n\t\t\t\t\t\t\t\t<i class=\"fas fa-print\" aria-hidden=\"true\"><\/i>\t\t\t\t\t\t\t<\/span>\n\t\t\t\t\t\t\t\t\t\t\t\t\t\t\t\t\t\t\t\t\t\t<div class=\"elementor-share-btn__text\">\n\t\t\t\t\t\t\t\t\t\t\t\t\t\t\t\t\t\t\t<span class=\"elementor-share-btn__title\">\n\t\t\t\t\t\t\t\t\t\tPrint\t\t\t\t\t\t\t\t\t<\/span>\n\t\t\t\t\t\t\t\t\t\t\t\t\t\t\t\t\t<\/div>\n\t\t\t\t\t\t\t\t\t\t\t\t\t<\/div>\n\t\t\t\t\t<\/div>\n\t\t\t\t\t\t<\/div>\n\t\t\t\t\t\t<\/div>\n\t\t\t\t<\/div>\n\t\t\t\t\t<\/div>\n\t\t<\/div>\n\t\t\t\t\t<\/div>\n\t\t<\/section>\n\t\t\t\t<section class=\"elementor-section elementor-top-section elementor-element elementor-element-16659164 elementor-section-boxed elementor-section-height-default elementor-section-height-default\" data-id=\"16659164\" data-element_type=\"section\" data-e-type=\"section\">\n\t\t\t\t\t\t<div class=\"elementor-container elementor-column-gap-default\">\n\t\t\t\t\t<div class=\"aux-parallax-section elementor-column elementor-col-100 elementor-top-column elementor-element elementor-element-2da668a3\" data-id=\"2da668a3\" data-element_type=\"column\" data-e-type=\"column\">\n\t\t\t<div class=\"elementor-widget-wrap elementor-element-populated\">\n\t\t\t\t\t\t<div class=\"elementor-element elementor-element-14b93a34 elementor-widget elementor-widget-spacer\" data-id=\"14b93a34\" data-element_type=\"widget\" data-e-type=\"widget\" data-widget_type=\"spacer.default\">\n\t\t\t\t<div class=\"elementor-widget-container\">\n\t\t\t\t\t\t\t<div class=\"elementor-spacer\">\n\t\t\t<div class=\"elementor-spacer-inner\"><\/div>\n\t\t<\/div>\n\t\t\t\t\t\t<\/div>\n\t\t\t\t<\/div>\n\t\t\t\t<div class=\"elementor-element elementor-element-e6f8b19 elementor-widget-divider--separator-type-pattern elementor-widget-divider--view-line elementor-widget elementor-widget-divider\" data-id=\"e6f8b19\" data-element_type=\"widget\" data-e-type=\"widget\" data-widget_type=\"divider.default\">\n\t\t\t\t<div class=\"elementor-widget-container\">\n\t\t\t\t\t\t\t<div class=\"elementor-divider\" style=\"--divider-pattern-url: url(&quot;data:image\/svg+xml,%3Csvg xmlns=&#039;http:\/\/www.w3.org\/2000\/svg&#039; preserveAspectRatio=&#039;none&#039; overflow=&#039;visible&#039; height=&#039;100%&#039; viewBox=&#039;0 0 20 16&#039; fill=&#039;none&#039; stroke=&#039;black&#039; stroke-width=&#039;1.4&#039; stroke-linecap=&#039;square&#039; stroke-miterlimit=&#039;10&#039;%3E%3Cg transform=&#039;translate(-12.000000, 0)&#039;%3E%3Cpath d=&#039;M28,0L10,18&#039;\/%3E%3Cpath d=&#039;M18,0L0,18&#039;\/%3E%3Cpath d=&#039;M48,0L30,18&#039;\/%3E%3Cpath d=&#039;M38,0L20,18&#039;\/%3E%3C\/g%3E%3C\/svg%3E&quot;);\">\n\t\t\t<span class=\"elementor-divider-separator\">\n\t\t\t\t\t\t<\/span>\n\t\t<\/div>\n\t\t\t\t\t\t<\/div>\n\t\t\t\t<\/div>\n\t\t\t\t<div class=\"elementor-element elementor-element-30d0e63 elementor-grid-4 elementor-grid-tablet-2 elementor-grid-mobile-1 elementor-posts--thumbnail-top elementor-card-shadow-yes elementor-posts__hover-gradient elementor-widget elementor-widget-posts\" data-id=\"30d0e63\" data-element_type=\"widget\" data-e-type=\"widget\" data-settings=\"{&quot;cards_columns&quot;:&quot;4&quot;,&quot;cards_columns_tablet&quot;:&quot;2&quot;,&quot;cards_columns_mobile&quot;:&quot;1&quot;,&quot;cards_row_gap&quot;:{&quot;unit&quot;:&quot;px&quot;,&quot;size&quot;:35,&quot;sizes&quot;:[]},&quot;cards_row_gap_tablet&quot;:{&quot;unit&quot;:&quot;px&quot;,&quot;size&quot;:&quot;&quot;,&quot;sizes&quot;:[]},&quot;cards_row_gap_mobile&quot;:{&quot;unit&quot;:&quot;px&quot;,&quot;size&quot;:&quot;&quot;,&quot;sizes&quot;:[]}}\" data-widget_type=\"posts.cards\">\n\t\t\t\t<div class=\"elementor-widget-container\">\n\t\t\t\t\t\t\t<div class=\"elementor-posts-container elementor-posts elementor-posts--skin-cards elementor-grid\" role=\"list\">\n\t\t\t\t<article class=\"elementor-post elementor-grid-item post-15099 post type-post status-publish format-standard has-post-thumbnail hentry category-sin-categoria\" role=\"listitem\">\n\t\t\t<div class=\"elementor-post__card\">\n\t\t\t\t<a class=\"elementor-post__thumbnail__link\" href=\"https:\/\/www.bluestar-forensic.com\/es\/prueba-forense-de-psa-bluestar-identi-psa\/\" tabindex=\"-1\" ><div class=\"elementor-post__thumbnail\"><img fetchpriority=\"high\" decoding=\"async\" width=\"300\" height=\"300\" src=\"https:\/\/www.bluestar-forensic.com\/wp-content\/uploads\/2023\/07\/shane-mcknight-_e84t36yxKA-unsplash-768x576-1-300x300.jpg\" class=\"attachment-medium size-medium wp-image-21889\" alt=\"\" srcset=\"https:\/\/www.bluestar-forensic.com\/wp-content\/uploads\/2023\/07\/shane-mcknight-_e84t36yxKA-unsplash-768x576-1-300x300.jpg 300w, https:\/\/www.bluestar-forensic.com\/wp-content\/uploads\/2023\/07\/shane-mcknight-_e84t36yxKA-unsplash-768x576-1-150x150.jpg 150w\" sizes=\"(max-width: 300px) 100vw, 300px\" \/><\/div><\/a>\n\t\t\t\t<div class=\"elementor-post__text\">\n\t\t\t\t<h3 class=\"elementor-post__title\">\n\t\t\t<a href=\"https:\/\/www.bluestar-forensic.com\/es\/prueba-forense-de-psa-bluestar-identi-psa\/\" >\n\t\t\t\tPrueba forense de PSA: BLUESTAR\u00ae Identi-PSA\u00ae\t\t\t<\/a>\n\t\t<\/h3>\n\t\t\t\t<\/div>\n\t\t\t\t\t<\/div>\n\t\t<\/article>\n\t\t\t\t<article class=\"elementor-post elementor-grid-item post-13974 post type-post status-publish format-standard has-post-thumbnail hentry category-sin-categoria\" role=\"listitem\">\n\t\t\t<div class=\"elementor-post__card\">\n\t\t\t\t<a class=\"elementor-post__thumbnail__link\" href=\"https:\/\/www.bluestar-forensic.com\/es\/estudiantes-de-la-ku-leuven-investigan-escenas-de-crimen-virtuales\/\" tabindex=\"-1\" ><div class=\"elementor-post__thumbnail\"><img decoding=\"async\" width=\"300\" height=\"300\" src=\"https:\/\/www.bluestar-forensic.com\/wp-content\/uploads\/2022\/04\/police-g496512901_1920-2-300x300.jpg\" class=\"attachment-medium size-medium wp-image-21862\" alt=\"\" srcset=\"https:\/\/www.bluestar-forensic.com\/wp-content\/uploads\/2022\/04\/police-g496512901_1920-2-300x300.jpg 300w, https:\/\/www.bluestar-forensic.com\/wp-content\/uploads\/2022\/04\/police-g496512901_1920-2-1024x1024.jpg 1024w, https:\/\/www.bluestar-forensic.com\/wp-content\/uploads\/2022\/04\/police-g496512901_1920-2-150x150.jpg 150w, https:\/\/www.bluestar-forensic.com\/wp-content\/uploads\/2022\/04\/police-g496512901_1920-2-768x768.jpg 768w\" sizes=\"(max-width: 300px) 100vw, 300px\" \/><\/div><\/a>\n\t\t\t\t<div class=\"elementor-post__text\">\n\t\t\t\t<h3 class=\"elementor-post__title\">\n\t\t\t<a href=\"https:\/\/www.bluestar-forensic.com\/es\/estudiantes-de-la-ku-leuven-investigan-escenas-de-crimen-virtuales\/\" >\n\t\t\t\tEstudiantes de la KU Leuven investigan escenas de crimen virtuales\t\t\t<\/a>\n\t\t<\/h3>\n\t\t\t\t<\/div>\n\t\t\t\t\t<\/div>\n\t\t<\/article>\n\t\t\t\t<article class=\"elementor-post elementor-grid-item post-14027 post type-post status-publish format-standard has-post-thumbnail hentry category-sin-categoria\" role=\"listitem\">\n\t\t\t<div class=\"elementor-post__card\">\n\t\t\t\t<a class=\"elementor-post__thumbnail__link\" href=\"https:\/\/www.bluestar-forensic.com\/es\/como-trabajan-los-forenses\/\" tabindex=\"-1\" ><div class=\"elementor-post__thumbnail\"><img decoding=\"async\" width=\"300\" height=\"300\" src=\"https:\/\/www.bluestar-forensic.com\/wp-content\/uploads\/2022\/09\/blood-g513e49303_1280-2-300x300.png\" class=\"attachment-medium size-medium wp-image-21856\" alt=\"\" srcset=\"https:\/\/www.bluestar-forensic.com\/wp-content\/uploads\/2022\/09\/blood-g513e49303_1280-2-300x300.png 300w, https:\/\/www.bluestar-forensic.com\/wp-content\/uploads\/2022\/09\/blood-g513e49303_1280-2-150x150.png 150w\" sizes=\"(max-width: 300px) 100vw, 300px\" \/><\/div><\/a>\n\t\t\t\t<div class=\"elementor-post__text\">\n\t\t\t\t<h3 class=\"elementor-post__title\">\n\t\t\t<a href=\"https:\/\/www.bluestar-forensic.com\/es\/como-trabajan-los-forenses\/\" >\n\t\t\t\t\u00bfC\u00f3mo trabajan los forenses?\t\t\t<\/a>\n\t\t<\/h3>\n\t\t\t\t<\/div>\n\t\t\t\t\t<\/div>\n\t\t<\/article>\n\t\t\t\t<article class=\"elementor-post elementor-grid-item post-12320 post type-post status-publish format-standard has-post-thumbnail hentry category-sin-categoria\" role=\"listitem\">\n\t\t\t<div class=\"elementor-post__card\">\n\t\t\t\t<a class=\"elementor-post__thumbnail__link\" href=\"https:\/\/www.bluestar-forensic.com\/es\/cronica-sobre-el-dia-de-las-fuerzas-armadas-en-el-cuartel-del-brucs\/\" tabindex=\"-1\" ><div class=\"elementor-post__thumbnail\"><img loading=\"lazy\" decoding=\"async\" width=\"300\" height=\"300\" src=\"https:\/\/www.bluestar-forensic.com\/wp-content\/uploads\/2021\/12\/travel-ge1faee014_1920-300x300.jpg\" class=\"attachment-medium size-medium wp-image-21895\" alt=\"\" srcset=\"https:\/\/www.bluestar-forensic.com\/wp-content\/uploads\/2021\/12\/travel-ge1faee014_1920-300x300.jpg 300w, https:\/\/www.bluestar-forensic.com\/wp-content\/uploads\/2021\/12\/travel-ge1faee014_1920-1024x1024.jpg 1024w, https:\/\/www.bluestar-forensic.com\/wp-content\/uploads\/2021\/12\/travel-ge1faee014_1920-150x150.jpg 150w, https:\/\/www.bluestar-forensic.com\/wp-content\/uploads\/2021\/12\/travel-ge1faee014_1920-768x768.jpg 768w\" sizes=\"(max-width: 300px) 100vw, 300px\" \/><\/div><\/a>\n\t\t\t\t<div class=\"elementor-post__text\">\n\t\t\t\t<h3 class=\"elementor-post__title\">\n\t\t\t<a href=\"https:\/\/www.bluestar-forensic.com\/es\/cronica-sobre-el-dia-de-las-fuerzas-armadas-en-el-cuartel-del-brucs\/\" >\n\t\t\t\tCr\u00f3nica sobre el D\u00eda de las Fuerzas Armadas en el cuartel del BrucS\t\t\t<\/a>\n\t\t<\/h3>\n\t\t\t\t<\/div>\n\t\t\t\t\t<\/div>\n\t\t<\/article>\n\t\t\t\t<article class=\"elementor-post elementor-grid-item post-12292 post type-post status-publish format-standard has-post-thumbnail hentry category-sin-categoria\" role=\"listitem\">\n\t\t\t<div class=\"elementor-post__card\">\n\t\t\t\t<a class=\"elementor-post__thumbnail__link\" href=\"https:\/\/www.bluestar-forensic.com\/es\/un-laboratorio-criminalistico-portatil-de-ultima-generacion\/\" tabindex=\"-1\" ><div class=\"elementor-post__thumbnail\"><img loading=\"lazy\" decoding=\"async\" width=\"300\" height=\"300\" src=\"https:\/\/www.bluestar-forensic.com\/wp-content\/uploads\/2021\/09\/sssss-300x300.jpg\" class=\"attachment-medium size-medium wp-image-21901\" alt=\"\" srcset=\"https:\/\/www.bluestar-forensic.com\/wp-content\/uploads\/2021\/09\/sssss-300x300.jpg 300w, https:\/\/www.bluestar-forensic.com\/wp-content\/uploads\/2021\/09\/sssss-150x150.jpg 150w\" sizes=\"(max-width: 300px) 100vw, 300px\" \/><\/div><\/a>\n\t\t\t\t<div class=\"elementor-post__text\">\n\t\t\t\t<h3 class=\"elementor-post__title\">\n\t\t\t<a href=\"https:\/\/www.bluestar-forensic.com\/es\/un-laboratorio-criminalistico-portatil-de-ultima-generacion\/\" >\n\t\t\t\tUn laboratorio criminal\u00edstico port\u00e1til de \u00faltima generaci\u00f3n\t\t\t<\/a>\n\t\t<\/h3>\n\t\t\t\t<\/div>\n\t\t\t\t\t<\/div>\n\t\t<\/article>\n\t\t\t\t<article class=\"elementor-post elementor-grid-item post-12272 post type-post status-publish format-standard has-post-thumbnail hentry category-sin-categoria\" role=\"listitem\">\n\t\t\t<div class=\"elementor-post__card\">\n\t\t\t\t<a class=\"elementor-post__thumbnail__link\" href=\"https:\/\/www.bluestar-forensic.com\/es\/con-la-sangre-en-el-ojo-bioarqueologia-y-biomateriales\/\" tabindex=\"-1\" ><div class=\"elementor-post__thumbnail\"><img loading=\"lazy\" decoding=\"async\" width=\"300\" height=\"300\" src=\"https:\/\/www.bluestar-forensic.com\/wp-content\/uploads\/2021\/09\/cdsvzvzrvzrv-300x300.jpg\" class=\"attachment-medium size-medium wp-image-21879\" alt=\"\" srcset=\"https:\/\/www.bluestar-forensic.com\/wp-content\/uploads\/2021\/09\/cdsvzvzrvzrv-300x300.jpg 300w, https:\/\/www.bluestar-forensic.com\/wp-content\/uploads\/2021\/09\/cdsvzvzrvzrv-1024x1024.jpg 1024w, https:\/\/www.bluestar-forensic.com\/wp-content\/uploads\/2021\/09\/cdsvzvzrvzrv-150x150.jpg 150w, https:\/\/www.bluestar-forensic.com\/wp-content\/uploads\/2021\/09\/cdsvzvzrvzrv-768x768.jpg 768w\" sizes=\"(max-width: 300px) 100vw, 300px\" \/><\/div><\/a>\n\t\t\t\t<div class=\"elementor-post__text\">\n\t\t\t\t<h3 class=\"elementor-post__title\">\n\t\t\t<a href=\"https:\/\/www.bluestar-forensic.com\/es\/con-la-sangre-en-el-ojo-bioarqueologia-y-biomateriales\/\" >\n\t\t\t\t&#8220;Con la sangre en el ojo&#8221; Bioarqueolog\u00eda y Biomateriales\t\t\t<\/a>\n\t\t<\/h3>\n\t\t\t\t<\/div>\n\t\t\t\t\t<\/div>\n\t\t<\/article>\n\t\t\t\t<article class=\"elementor-post elementor-grid-item post-11043 post type-post status-publish format-standard has-post-thumbnail hentry category-sin-categoria\" role=\"listitem\">\n\t\t\t<div class=\"elementor-post__card\">\n\t\t\t\t<div class=\"elementor-post__text\">\n\t\t\t\t<h3 class=\"elementor-post__title\">\n\t\t\t<a href=\"https:\/\/www.bluestar-forensic.com\/es\/caso-troadec-rastros-de-sangre-cuerpos-quemados-la-palabra-de-los-expertos\/\" >\n\t\t\t\tCaso Troadec: rastros de sangre, cuerpos quemados, la palabra de los expertos.\t\t\t<\/a>\n\t\t<\/h3>\n\t\t\t\t<\/div>\n\t\t\t\t\t<\/div>\n\t\t<\/article>\n\t\t\t\t<article class=\"elementor-post elementor-grid-item post-9985 post type-post status-publish format-standard has-post-thumbnail hentry category-non-categorise\" role=\"listitem\">\n\t\t\t<div class=\"elementor-post__card\">\n\t\t\t\t<div class=\"elementor-post__text\">\n\t\t\t\t<h3 class=\"elementor-post__title\">\n\t\t\t<a href=\"https:\/\/www.bluestar-forensic.com\/es\/presunto-asesino-en-serie-nuevas-excavaciones-y-bluestar-en-el-huerto\/\" >\n\t\t\t\tPresunto asesino en serie: nuevas excavaciones y Bluestar en el huerto\t\t\t<\/a>\n\t\t<\/h3>\n\t\t\t\t<\/div>\n\t\t\t\t\t<\/div>\n\t\t<\/article>\n\t\t\t\t<article class=\"elementor-post elementor-grid-item post-10022 post type-post status-publish format-standard has-post-thumbnail hentry category-uncategorized\" role=\"listitem\">\n\t\t\t<div class=\"elementor-post__card\">\n\t\t\t\t<div class=\"elementor-post__text\">\n\t\t\t\t<h3 class=\"elementor-post__title\">\n\t\t\t<a href=\"https:\/\/www.bluestar-forensic.com\/es\/la-policia-trajo-a-neuquen-al-presunto-femicida-de-agostina\/\" >\n\t\t\t\tLa Polic\u00eda trajo a Neuqu\u00e9n al presunto femicida de Agostina\t\t\t<\/a>\n\t\t<\/h3>\n\t\t\t\t<\/div>\n\t\t\t\t\t<\/div>\n\t\t<\/article>\n\t\t\t\t<article class=\"elementor-post elementor-grid-item post-9998 post type-post status-publish format-standard has-post-thumbnail hentry category-non-categorise\" role=\"listitem\">\n\t\t\t<div class=\"elementor-post__card\">\n\t\t\t\t<div class=\"elementor-post__text\">\n\t\t\t\t<h3 class=\"elementor-post__title\">\n\t\t\t<a href=\"https:\/\/www.bluestar-forensic.com\/es\/el-mal-destino-causo-las-dos-muertes-en-calig\/\" >\n\t\t\t\tEl mal destino caus\u00f3 las dos muertes en C\u00e1lig\t\t\t<\/a>\n\t\t<\/h3>\n\t\t\t\t<\/div>\n\t\t\t\t\t<\/div>\n\t\t<\/article>\n\t\t\t\t<article class=\"elementor-post elementor-grid-item post-9307 post type-post status-publish format-standard has-post-thumbnail hentry category-sin-categoria\" role=\"listitem\">\n\t\t\t<div class=\"elementor-post__card\">\n\t\t\t\t<div class=\"elementor-post__text\">\n\t\t\t\t<h3 class=\"elementor-post__title\">\n\t\t\t<a href=\"https:\/\/www.bluestar-forensic.com\/es\/caso-de-un-joven-desaparecido-continuan-las-redadas-y-los-procedimientos-de-investigacion\/\" >\n\t\t\t\tCaso de un joven desaparecido: contin\u00faan los allanamientos y las diligencias de investigaci\u00f3n\t\t\t<\/a>\n\t\t<\/h3>\n\t\t\t\t<\/div>\n\t\t\t\t\t<\/div>\n\t\t<\/article>\n\t\t\t\t<article class=\"elementor-post elementor-grid-item post-9285 post type-post status-publish format-standard has-post-thumbnail hentry category-sin-categoria\" role=\"listitem\">\n\t\t\t<div class=\"elementor-post__card\">\n\t\t\t\t<div class=\"elementor-post__text\">\n\t\t\t\t<h3 class=\"elementor-post__title\">\n\t\t\t<a href=\"https:\/\/www.bluestar-forensic.com\/es\/prueba-de-thomas-lesire-estas-prendas-se-examinan-con-el-reactivo-bluestar\/\" >\n\t\t\t\tJuicio de Thomas Lesire: las prendas se examinaron con el reactivo Bluestar\t\t\t<\/a>\n\t\t<\/h3>\n\t\t\t\t<\/div>\n\t\t\t\t\t<\/div>\n\t\t<\/article>\n\t\t\t\t<article class=\"elementor-post elementor-grid-item post-9293 post type-post status-publish format-standard has-post-thumbnail hentry category-sin-categoria\" role=\"listitem\">\n\t\t\t<div class=\"elementor-post__card\">\n\t\t\t\t<div class=\"elementor-post__text\">\n\t\t\t\t<h3 class=\"elementor-post__title\">\n\t\t\t<a href=\"https:\/\/www.bluestar-forensic.com\/es\/caso-daval-investigacion-y-uso-de-bluestar\/\" >\n\t\t\t\tCaso Daval: investigaci\u00f3n y uso de Bluestar\t\t\t<\/a>\n\t\t<\/h3>\n\t\t\t\t<\/div>\n\t\t\t\t\t<\/div>\n\t\t<\/article>\n\t\t\t\t<article class=\"elementor-post elementor-grid-item post-9489 post type-post status-publish format-standard has-post-thumbnail hentry category-sin-categoria\" role=\"listitem\">\n\t\t\t<div class=\"elementor-post__card\">\n\t\t\t\t<div class=\"elementor-post__text\">\n\t\t\t\t<h3 class=\"elementor-post__title\">\n\t\t\t<a href=\"https:\/\/www.bluestar-forensic.com\/es\/asesinato-de-una-mujer-por-su-hijo\/\" >\n\t\t\t\tAsesinato de una mujer por su hijo\t\t\t<\/a>\n\t\t<\/h3>\n\t\t\t\t<\/div>\n\t\t\t\t\t<\/div>\n\t\t<\/article>\n\t\t\t\t<article class=\"elementor-post elementor-grid-item post-368 post type-post status-publish format-standard has-post-thumbnail hentry category-sin-categoria\" role=\"listitem\">\n\t\t\t<div class=\"elementor-post__card\">\n\t\t\t\t<div class=\"elementor-post__text\">\n\t\t\t\t<h3 class=\"elementor-post__title\">\n\t\t\t<a href=\"https:\/\/www.bluestar-forensic.com\/es\/misterio-en-torno-a-una-desaparicion\/\" >\n\t\t\t\tMisterio en torno a una desaparici\u00f3n\t\t\t<\/a>\n\t\t<\/h3>\n\t\t\t\t<\/div>\n\t\t\t\t\t<\/div>\n\t\t<\/article>\n\t\t\t\t<article class=\"elementor-post elementor-grid-item post-362 post type-post status-publish format-standard has-post-thumbnail hentry category-sin-categoria\" role=\"listitem\">\n\t\t\t<div class=\"elementor-post__card\">\n\t\t\t\t<div class=\"elementor-post__text\">\n\t\t\t\t<h3 class=\"elementor-post__title\">\n\t\t\t<a href=\"https:\/\/www.bluestar-forensic.com\/es\/desaparicion-de-un-adulto\/\" >\n\t\t\t\tDesaparici\u00f3n de un adulto\t\t\t<\/a>\n\t\t<\/h3>\n\t\t\t\t<\/div>\n\t\t\t\t\t<\/div>\n\t\t<\/article>\n\t\t\t\t<\/div>\n\t\t\n\t\t\t\t\t\t<\/div>\n\t\t\t\t<\/div>\n\t\t\t\t\t<\/div>\n\t\t<\/div>\n\t\t\t\t\t<\/div>\n\t\t<\/section>\n\t\t\t\t<\/div>\n\t\t","protected":false},"excerpt":{"rendered":"<p>El exnovio chileno de esta estudiante japonesa desaparecida en Besan\u00e7on en 2016 huy\u00f3 a su pa\u00eds. La justicia francesa acaba de revelar elementos acusadores sobre<\/p>\n","protected":false},"author":1,"featured_media":8625,"comment_status":"closed","ping_status":"closed","sticky":false,"template":"","format":"standard","meta":{"_acf_changed":false,"footnotes":""},"categories":[68],"tags":[],"class_list":["post-9250","post","type-post","status-publish","format-standard","has-post-thumbnail","hentry","category-sin-categoria"],"acf":[],"yoast_head":"<!-- This site is optimized with the Yoast SEO plugin v27.2 - https:\/\/yoast.com\/product\/yoast-seo-wordpress\/ -->\n<title>Caso Narumi: los investigadores acusan al principal sospechoso - Bluestar Forensic<\/title>\n<meta name=\"robots\" content=\"index, follow, max-snippet:-1, max-image-preview:large, max-video-preview:-1\" \/>\n<link rel=\"canonical\" href=\"https:\/\/www.bluestar-forensic.com\/es\/caso-narumi-los-investigadores-acusan-al-principal-sospechoso\/\" \/>\n<meta property=\"og:locale\" content=\"es_ES\" \/>\n<meta property=\"og:type\" content=\"article\" \/>\n<meta property=\"og:title\" content=\"Caso Narumi: los investigadores acusan al principal sospechoso - Bluestar Forensic\" \/>\n<meta property=\"og:description\" content=\"El exnovio chileno de esta estudiante japonesa desaparecida en Besan\u00e7on en 2016 huy\u00f3 a su pa\u00eds. La justicia francesa acaba de revelar elementos acusadores sobre\" \/>\n<meta property=\"og:url\" content=\"https:\/\/www.bluestar-forensic.com\/es\/caso-narumi-los-investigadores-acusan-al-principal-sospechoso\/\" \/>\n<meta property=\"og:site_name\" content=\"Bluestar Forensic\" \/>\n<meta property=\"article:publisher\" content=\"https:\/\/www.facebook.com\/bluestarforensic\/\" \/>\n<meta property=\"article:published_time\" content=\"2019-09-10T12:02:53+00:00\" \/>\n<meta property=\"article:modified_time\" content=\"2025-08-19T16:25:56+00:00\" \/>\n<meta name=\"author\" content=\"admin\" \/>\n<meta name=\"twitter:card\" content=\"summary_large_image\" \/>\n<meta name=\"twitter:label1\" content=\"Escrito por\" \/>\n\t<meta name=\"twitter:data1\" content=\"admin\" \/>\n\t<meta name=\"twitter:label2\" content=\"Tiempo de lectura\" \/>\n\t<meta name=\"twitter:data2\" content=\"9 minutos\" \/>\n<script type=\"application\/ld+json\" class=\"yoast-schema-graph\">{\"@context\":\"https:\/\/schema.org\",\"@graph\":[{\"@type\":\"Article\",\"@id\":\"https:\/\/www.bluestar-forensic.com\/es\/caso-narumi-los-investigadores-acusan-al-principal-sospechoso\/#article\",\"isPartOf\":{\"@id\":\"https:\/\/www.bluestar-forensic.com\/es\/caso-narumi-los-investigadores-acusan-al-principal-sospechoso\/\"},\"author\":{\"name\":\"admin\",\"@id\":\"https:\/\/www.bluestar-forensic.com\/#\/schema\/person\/f162a76f082960964b8d172fc38f2a39\"},\"headline\":\"Caso Narumi: los investigadores acusan al principal sospechoso\",\"datePublished\":\"2019-09-10T12:02:53+00:00\",\"dateModified\":\"2025-08-19T16:25:56+00:00\",\"mainEntityOfPage\":{\"@id\":\"https:\/\/www.bluestar-forensic.com\/es\/caso-narumi-los-investigadores-acusan-al-principal-sospechoso\/\"},\"wordCount\":942,\"publisher\":{\"@id\":\"https:\/\/www.bluestar-forensic.com\/#organization\"},\"image\":{\"@id\":\"https:\/\/www.bluestar-forensic.com\/es\/caso-narumi-los-investigadores-acusan-al-principal-sospechoso\/#primaryimage\"},\"thumbnailUrl\":\"\",\"inLanguage\":\"es\"},{\"@type\":\"WebPage\",\"@id\":\"https:\/\/www.bluestar-forensic.com\/es\/caso-narumi-los-investigadores-acusan-al-principal-sospechoso\/\",\"url\":\"https:\/\/www.bluestar-forensic.com\/es\/caso-narumi-los-investigadores-acusan-al-principal-sospechoso\/\",\"name\":\"Caso Narumi: los investigadores acusan al principal sospechoso - Bluestar Forensic\",\"isPartOf\":{\"@id\":\"https:\/\/www.bluestar-forensic.com\/#website\"},\"primaryImageOfPage\":{\"@id\":\"https:\/\/www.bluestar-forensic.com\/es\/caso-narumi-los-investigadores-acusan-al-principal-sospechoso\/#primaryimage\"},\"image\":{\"@id\":\"https:\/\/www.bluestar-forensic.com\/es\/caso-narumi-los-investigadores-acusan-al-principal-sospechoso\/#primaryimage\"},\"thumbnailUrl\":\"\",\"datePublished\":\"2019-09-10T12:02:53+00:00\",\"dateModified\":\"2025-08-19T16:25:56+00:00\",\"breadcrumb\":{\"@id\":\"https:\/\/www.bluestar-forensic.com\/es\/caso-narumi-los-investigadores-acusan-al-principal-sospechoso\/#breadcrumb\"},\"inLanguage\":\"es\",\"potentialAction\":[{\"@type\":\"ReadAction\",\"target\":[\"https:\/\/www.bluestar-forensic.com\/es\/caso-narumi-los-investigadores-acusan-al-principal-sospechoso\/\"]}]},{\"@type\":\"ImageObject\",\"inLanguage\":\"es\",\"@id\":\"https:\/\/www.bluestar-forensic.com\/es\/caso-narumi-los-investigadores-acusan-al-principal-sospechoso\/#primaryimage\",\"url\":\"\",\"contentUrl\":\"\"},{\"@type\":\"BreadcrumbList\",\"@id\":\"https:\/\/www.bluestar-forensic.com\/es\/caso-narumi-los-investigadores-acusan-al-principal-sospechoso\/#breadcrumb\",\"itemListElement\":[{\"@type\":\"ListItem\",\"position\":1,\"name\":\"Home\",\"item\":\"https:\/\/www.bluestar-forensic.com\/\"},{\"@type\":\"ListItem\",\"position\":2,\"name\":\"Caso Narumi: los investigadores acusan al principal sospechoso\"}]},{\"@type\":\"WebSite\",\"@id\":\"https:\/\/www.bluestar-forensic.com\/#website\",\"url\":\"https:\/\/www.bluestar-forensic.com\/\",\"name\":\"Bluestar UNIQUE Forensic\",\"description\":\"\",\"publisher\":{\"@id\":\"https:\/\/www.bluestar-forensic.com\/#organization\"},\"potentialAction\":[{\"@type\":\"SearchAction\",\"target\":{\"@type\":\"EntryPoint\",\"urlTemplate\":\"https:\/\/www.bluestar-forensic.com\/?s={search_term_string}\"},\"query-input\":{\"@type\":\"PropertyValueSpecification\",\"valueRequired\":true,\"valueName\":\"search_term_string\"}}],\"inLanguage\":\"es\"},{\"@type\":\"Organization\",\"@id\":\"https:\/\/www.bluestar-forensic.com\/#organization\",\"name\":\"Bluestar Forensic LATENT BLOODSTAIN REAGENT\",\"url\":\"https:\/\/www.bluestar-forensic.com\/\",\"logo\":{\"@type\":\"ImageObject\",\"inLanguage\":\"es\",\"@id\":\"https:\/\/www.bluestar-forensic.com\/#\/schema\/logo\/image\/\",\"url\":\"https:\/\/www.bluestar-forensic.com\/wp-content\/uploads\/2025\/02\/Logo-bluestar-copie.svg\",\"contentUrl\":\"https:\/\/www.bluestar-forensic.com\/wp-content\/uploads\/2025\/02\/Logo-bluestar-copie.svg\",\"width\":1494,\"height\":346,\"caption\":\"Bluestar Forensic LATENT BLOODSTAIN REAGENT\"},\"image\":{\"@id\":\"https:\/\/www.bluestar-forensic.com\/#\/schema\/logo\/image\/\"},\"sameAs\":[\"https:\/\/www.facebook.com\/bluestarforensic\/\",\"https:\/\/www.instagram.com\/bluestar_forensic\/\"]},{\"@type\":\"Person\",\"@id\":\"https:\/\/www.bluestar-forensic.com\/#\/schema\/person\/f162a76f082960964b8d172fc38f2a39\",\"name\":\"admin\",\"image\":{\"@type\":\"ImageObject\",\"inLanguage\":\"es\",\"@id\":\"https:\/\/secure.gravatar.com\/avatar\/e7bb963b220c9f6f27e409cee3ae1ff9b407a7049e2ef1d37c0537d0027238db?s=96&d=mm&r=g\",\"url\":\"https:\/\/secure.gravatar.com\/avatar\/e7bb963b220c9f6f27e409cee3ae1ff9b407a7049e2ef1d37c0537d0027238db?s=96&d=mm&r=g\",\"contentUrl\":\"https:\/\/secure.gravatar.com\/avatar\/e7bb963b220c9f6f27e409cee3ae1ff9b407a7049e2ef1d37c0537d0027238db?s=96&d=mm&r=g\",\"caption\":\"admin\"},\"sameAs\":[\"https:\/\/www.bluestar-forensic.com\"],\"url\":\"https:\/\/www.bluestar-forensic.com\/es\/author\/cesar_sfxh64t0\/\"}]}<\/script>\n<!-- \/ Yoast SEO plugin. -->","yoast_head_json":{"title":"Caso Narumi: los investigadores acusan al principal sospechoso - Bluestar Forensic","robots":{"index":"index","follow":"follow","max-snippet":"max-snippet:-1","max-image-preview":"max-image-preview:large","max-video-preview":"max-video-preview:-1"},"canonical":"https:\/\/www.bluestar-forensic.com\/es\/caso-narumi-los-investigadores-acusan-al-principal-sospechoso\/","og_locale":"es_ES","og_type":"article","og_title":"Caso Narumi: los investigadores acusan al principal sospechoso - Bluestar Forensic","og_description":"El exnovio chileno de esta estudiante japonesa desaparecida en Besan\u00e7on en 2016 huy\u00f3 a su pa\u00eds. La justicia francesa acaba de revelar elementos acusadores sobre","og_url":"https:\/\/www.bluestar-forensic.com\/es\/caso-narumi-los-investigadores-acusan-al-principal-sospechoso\/","og_site_name":"Bluestar Forensic","article_publisher":"https:\/\/www.facebook.com\/bluestarforensic\/","article_published_time":"2019-09-10T12:02:53+00:00","article_modified_time":"2025-08-19T16:25:56+00:00","author":"admin","twitter_card":"summary_large_image","twitter_misc":{"Escrito por":"admin","Tiempo de lectura":"9 minutos"},"schema":{"@context":"https:\/\/schema.org","@graph":[{"@type":"Article","@id":"https:\/\/www.bluestar-forensic.com\/es\/caso-narumi-los-investigadores-acusan-al-principal-sospechoso\/#article","isPartOf":{"@id":"https:\/\/www.bluestar-forensic.com\/es\/caso-narumi-los-investigadores-acusan-al-principal-sospechoso\/"},"author":{"name":"admin","@id":"https:\/\/www.bluestar-forensic.com\/#\/schema\/person\/f162a76f082960964b8d172fc38f2a39"},"headline":"Caso Narumi: los investigadores acusan al principal sospechoso","datePublished":"2019-09-10T12:02:53+00:00","dateModified":"2025-08-19T16:25:56+00:00","mainEntityOfPage":{"@id":"https:\/\/www.bluestar-forensic.com\/es\/caso-narumi-los-investigadores-acusan-al-principal-sospechoso\/"},"wordCount":942,"publisher":{"@id":"https:\/\/www.bluestar-forensic.com\/#organization"},"image":{"@id":"https:\/\/www.bluestar-forensic.com\/es\/caso-narumi-los-investigadores-acusan-al-principal-sospechoso\/#primaryimage"},"thumbnailUrl":"","inLanguage":"es"},{"@type":"WebPage","@id":"https:\/\/www.bluestar-forensic.com\/es\/caso-narumi-los-investigadores-acusan-al-principal-sospechoso\/","url":"https:\/\/www.bluestar-forensic.com\/es\/caso-narumi-los-investigadores-acusan-al-principal-sospechoso\/","name":"Caso Narumi: los investigadores acusan al principal sospechoso - Bluestar Forensic","isPartOf":{"@id":"https:\/\/www.bluestar-forensic.com\/#website"},"primaryImageOfPage":{"@id":"https:\/\/www.bluestar-forensic.com\/es\/caso-narumi-los-investigadores-acusan-al-principal-sospechoso\/#primaryimage"},"image":{"@id":"https:\/\/www.bluestar-forensic.com\/es\/caso-narumi-los-investigadores-acusan-al-principal-sospechoso\/#primaryimage"},"thumbnailUrl":"","datePublished":"2019-09-10T12:02:53+00:00","dateModified":"2025-08-19T16:25:56+00:00","breadcrumb":{"@id":"https:\/\/www.bluestar-forensic.com\/es\/caso-narumi-los-investigadores-acusan-al-principal-sospechoso\/#breadcrumb"},"inLanguage":"es","potentialAction":[{"@type":"ReadAction","target":["https:\/\/www.bluestar-forensic.com\/es\/caso-narumi-los-investigadores-acusan-al-principal-sospechoso\/"]}]},{"@type":"ImageObject","inLanguage":"es","@id":"https:\/\/www.bluestar-forensic.com\/es\/caso-narumi-los-investigadores-acusan-al-principal-sospechoso\/#primaryimage","url":"","contentUrl":""},{"@type":"BreadcrumbList","@id":"https:\/\/www.bluestar-forensic.com\/es\/caso-narumi-los-investigadores-acusan-al-principal-sospechoso\/#breadcrumb","itemListElement":[{"@type":"ListItem","position":1,"name":"Home","item":"https:\/\/www.bluestar-forensic.com\/"},{"@type":"ListItem","position":2,"name":"Caso Narumi: los investigadores acusan al principal sospechoso"}]},{"@type":"WebSite","@id":"https:\/\/www.bluestar-forensic.com\/#website","url":"https:\/\/www.bluestar-forensic.com\/","name":"Bluestar UNIQUE Forensic","description":"","publisher":{"@id":"https:\/\/www.bluestar-forensic.com\/#organization"},"potentialAction":[{"@type":"SearchAction","target":{"@type":"EntryPoint","urlTemplate":"https:\/\/www.bluestar-forensic.com\/?s={search_term_string}"},"query-input":{"@type":"PropertyValueSpecification","valueRequired":true,"valueName":"search_term_string"}}],"inLanguage":"es"},{"@type":"Organization","@id":"https:\/\/www.bluestar-forensic.com\/#organization","name":"Bluestar Forensic LATENT BLOODSTAIN REAGENT","url":"https:\/\/www.bluestar-forensic.com\/","logo":{"@type":"ImageObject","inLanguage":"es","@id":"https:\/\/www.bluestar-forensic.com\/#\/schema\/logo\/image\/","url":"https:\/\/www.bluestar-forensic.com\/wp-content\/uploads\/2025\/02\/Logo-bluestar-copie.svg","contentUrl":"https:\/\/www.bluestar-forensic.com\/wp-content\/uploads\/2025\/02\/Logo-bluestar-copie.svg","width":1494,"height":346,"caption":"Bluestar Forensic LATENT BLOODSTAIN REAGENT"},"image":{"@id":"https:\/\/www.bluestar-forensic.com\/#\/schema\/logo\/image\/"},"sameAs":["https:\/\/www.facebook.com\/bluestarforensic\/","https:\/\/www.instagram.com\/bluestar_forensic\/"]},{"@type":"Person","@id":"https:\/\/www.bluestar-forensic.com\/#\/schema\/person\/f162a76f082960964b8d172fc38f2a39","name":"admin","image":{"@type":"ImageObject","inLanguage":"es","@id":"https:\/\/secure.gravatar.com\/avatar\/e7bb963b220c9f6f27e409cee3ae1ff9b407a7049e2ef1d37c0537d0027238db?s=96&d=mm&r=g","url":"https:\/\/secure.gravatar.com\/avatar\/e7bb963b220c9f6f27e409cee3ae1ff9b407a7049e2ef1d37c0537d0027238db?s=96&d=mm&r=g","contentUrl":"https:\/\/secure.gravatar.com\/avatar\/e7bb963b220c9f6f27e409cee3ae1ff9b407a7049e2ef1d37c0537d0027238db?s=96&d=mm&r=g","caption":"admin"},"sameAs":["https:\/\/www.bluestar-forensic.com"],"url":"https:\/\/www.bluestar-forensic.com\/es\/author\/cesar_sfxh64t0\/"}]}},"_links":{"self":[{"href":"https:\/\/www.bluestar-forensic.com\/es\/wp-json\/wp\/v2\/posts\/9250","targetHints":{"allow":["GET"]}}],"collection":[{"href":"https:\/\/www.bluestar-forensic.com\/es\/wp-json\/wp\/v2\/posts"}],"about":[{"href":"https:\/\/www.bluestar-forensic.com\/es\/wp-json\/wp\/v2\/types\/post"}],"author":[{"embeddable":true,"href":"https:\/\/www.bluestar-forensic.com\/es\/wp-json\/wp\/v2\/users\/1"}],"replies":[{"embeddable":true,"href":"https:\/\/www.bluestar-forensic.com\/es\/wp-json\/wp\/v2\/comments?post=9250"}],"version-history":[{"count":1,"href":"https:\/\/www.bluestar-forensic.com\/es\/wp-json\/wp\/v2\/posts\/9250\/revisions"}],"predecessor-version":[{"id":21656,"href":"https:\/\/www.bluestar-forensic.com\/es\/wp-json\/wp\/v2\/posts\/9250\/revisions\/21656"}],"wp:featuredmedia":[{"embeddable":true,"href":"https:\/\/www.bluestar-forensic.com\/es\/wp-json\/"}],"wp:attachment":[{"href":"https:\/\/www.bluestar-forensic.com\/es\/wp-json\/wp\/v2\/media?parent=9250"}],"wp:term":[{"taxonomy":"category","embeddable":true,"href":"https:\/\/www.bluestar-forensic.com\/es\/wp-json\/wp\/v2\/categories?post=9250"},{"taxonomy":"post_tag","embeddable":true,"href":"https:\/\/www.bluestar-forensic.com\/es\/wp-json\/wp\/v2\/tags?post=9250"}],"curies":[{"name":"wp","href":"https:\/\/api.w.org\/{rel}","templated":true}]}}